{"id":2098,"date":"2014-10-22T21:28:44","date_gmt":"2014-10-22T21:28:44","guid":{"rendered":"https:\/\/apoyo.com\/?p=2098"},"modified":"2014-10-27T21:29:55","modified_gmt":"2014-10-27T21:29:55","slug":"apoyo-comunicacion-presente-en-12-congreso-peruano-de-gestion-de-personas-2014","status":"publish","type":"post","link":"https:\/\/apoyo.com\/en\/apoyo-comunicacion-presente-en-12-congreso-peruano-de-gestion-de-personas-2014\/","title":{"rendered":"APOYO Comunicaci\u00f3n presente en 12\u00b0 Congreso Peruano de Gesti\u00f3n de Personas 2014"},"content":{"rendered":"<p>Ursula Franco, Directora de Proyectos de Comunicaci\u00f3n Interna de APOYO Comunicaci\u00f3n, expuso en el 12\u00b0 Congreso Peruano de Gesti\u00f3n de Personas 2014, organizado por Seminarium.<br \/>\nBajo el tema \u201cComunicar en \u00e9pocas de cambio\u201d, se profundiz\u00f3 en las 9 claves de la comunicaci\u00f3n interna para gestionar con \u00e9xito un proceso de fusi\u00f3n o adquisici\u00f3n dentro de una organizaci\u00f3n. Asimismo, se explic\u00f3 c\u00f3mo mantener el compromiso y productividad de los colaboradores durante esta importante etapa.<\/p>","protected":false},"excerpt":{"rendered":"<p>Ursula Franco, Directora de Proyectos de Comunicaci\u00f3n Interna de APOYO Comunicaci\u00f3n, expuso en el 12\u00b0 Congreso Peruano de Gesti\u00f3n de Personas 2014, organizado por Seminarium. Bajo el tema \u201cComunicar en \u00e9pocas de cambio\u201d, se profundiz\u00f3 en las 9 claves de la comunicaci\u00f3n interna para gestionar con \u00e9xito un proceso de fusi\u00f3n o adquisici\u00f3n dentro de [&hellip;]<\/p>","protected":false},"author":1,"featured_media":2099,"comment_status":"closed","ping_status":"open","sticky":false,"template":"","format":"standard","meta":{"_acf_changed":false,"footnotes":""},"categories":[12],"tags":[],"class_list":["post-2098","post","type-post","status-publish","format-standard","has-post-thumbnail","hentry","category-noticias-de-apoyo"],"acf":[],"_links":{"self":[{"href":"https:\/\/apoyo.com\/en\/wp-json\/wp\/v2\/posts\/2098","targetHints":{"allow":["GET"]}}],"collection":[{"href":"https:\/\/apoyo.com\/en\/wp-json\/wp\/v2\/posts"}],"about":[{"href":"https:\/\/apoyo.com\/en\/wp-json\/wp\/v2\/types\/post"}],"author":[{"embeddable":true,"href":"https:\/\/apoyo.com\/en\/wp-json\/wp\/v2\/users\/1"}],"replies":[{"embeddable":true,"href":"https:\/\/apoyo.com\/en\/wp-json\/wp\/v2\/comments?post=2098"}],"version-history":[{"count":1,"href":"https:\/\/apoyo.com\/en\/wp-json\/wp\/v2\/posts\/2098\/revisions"}],"predecessor-version":[{"id":2100,"href":"https:\/\/apoyo.com\/en\/wp-json\/wp\/v2\/posts\/2098\/revisions\/2100"}],"wp:featuredmedia":[{"embeddable":true,"href":"https:\/\/apoyo.com\/en\/wp-json\/wp\/v2\/media\/2099"}],"wp:attachment":[{"href":"https:\/\/apoyo.com\/en\/wp-json\/wp\/v2\/media?parent=2098"}],"wp:term":[{"taxonomy":"category","embeddable":true,"href":"https:\/\/apoyo.com\/en\/wp-json\/wp\/v2\/categories?post=2098"},{"taxonomy":"post_tag","embeddable":true,"href":"https:\/\/apoyo.com\/en\/wp-json\/wp\/v2\/tags?post=2098"}],"curies":[{"name":"wp","href":"https:\/\/api.w.org\/{rel}","templated":true}]}}