{"id":2439,"date":"2015-04-10T16:21:11","date_gmt":"2015-04-10T16:21:11","guid":{"rendered":"https:\/\/apoyo.com\/?p=2439"},"modified":"2015-04-28T17:17:14","modified_gmt":"2015-04-28T17:17:14","slug":"el-motor-de-la-economia-es-la-inversion-privada","status":"publish","type":"post","link":"https:\/\/apoyo.com\/en\/el-motor-de-la-economia-es-la-inversion-privada\/","title":{"rendered":"\u201cEl motor de la econom\u00eda es la inversi\u00f3n privada\u201d"},"content":{"rendered":"<p><\/p>\n<p><p style=\"text-align: justify;\">Seg\u00fan Gianfranco Castagnola, p<span style=\"color: #4d4d4d;\">residente ejecutivo de APOYO Consultor\u00eda,<\/span>\u00a0existe un impacto grave en las expectativas de los inversionistas extranjeros por casos como el de T\u00eda Mar\u00eda, quienes podr\u00edan decidir abandonar proyectos en el pa\u00eds y as\u00ed Per\u00fa renunciar\u00eda a varios puntos de crecimiento econ\u00f3mico en los pr\u00f3ximos a\u00f1os.<\/p>\n<p style=\"text-align: justify;\"><strong>\u00bfC\u00f3mo hace un empresario para incorporar la incertidumbre del crecimiento esperado del Producto Bruto Interno (PBI), de 2.1% a 4.2%, dentro del marco de sus decisiones?<\/strong><br \/>\nHa habido una reducci\u00f3n en las tasas de crecimiento de la econom\u00eda de los \u00faltimos tres a\u00f1os. Por lo tanto, el sector empresarial ha empezado a adaptarse a estas menores tasas. Entonces creo que en los sectores vinculados a la demanda interna se tiende a ser mucho m\u00e1s conservadores en la contrataci\u00f3n de personal y se empieza a mirar la empresa hacia adentro.<br \/>\nEso se aprecia en los resultados de la encuesta que aplicamos a nuestros asociados. En el 2013, solo el 43% dec\u00eda que iba a mirar hacia adentro, en la \u00faltima encuesta de hace dos meses, lo har\u00e1 el 69%. Esto implica ser mucho m\u00e1s prudente, menos expansivo y mirar la reducci\u00f3n de costos como una de las principales estrategias.<\/p>\n<p style=\"text-align: justify;\"><strong>\u00bfY qu\u00e9 ocurre en el sector exportador?, \u00bfhay un comportamiento algo diferente?<\/strong><br \/>\nEl Per\u00fa tiene concesiones mineras que enfrentan una din\u00e1mica que obedece a una combinaci\u00f3n de precios mundiales y factibilidad para invertir. Hoy vemos con preocupaci\u00f3n que luego de los grandes proyectos, en los siguiente dos a\u00f1os no hay ninguno que supere los 1,000 millones de d\u00f3lares. Incluso, de dos proyectos que podr\u00edan salir,uno, el de Toquepala, fue retrasado absurdamente por la anterior autoridad; y el otro, T\u00eda Mar\u00eda, a\u00fan est\u00e1 en veremos. Entonces, esta din\u00e1mica de precios menores, pero sobre todo la ausencia de claridad respecto de la posibilidad de invertir, est\u00e1 haciendo que se ponga en riesgo el futuro de la miner\u00eda.<\/p>\n<p style=\"text-align: justify;\"><strong>Con lo cual se perjudica todo el potencial desarrollo que podr\u00eda tener el Per\u00fa.<\/strong><br \/>\nDefinitivamente, y adem\u00e1s, si bien un grueso de las exportaciones no tradicionales se destina al mundo desarrollado, el grupo de los textiles y qu\u00edmicos depende mucho de Sudam\u00e9rica. Y, lamentablemente, las perspectivas de Latinoam\u00e9rica son malas. Entonces, el panorama tampoco es muy alentador por ese lado.<\/p>\n<p style=\"text-align: justify;\"><strong>\u00bfPor qu\u00e9 no funciona el paquete de impulso fiscal ordenado por el gobierno?<\/strong><br \/>\nAqu\u00ed hay dos temas. Este impulso fiscal ten\u00eda el componente de menores impuestos y mayor gasto p\u00fablico. Sin embargo, el gasto p\u00fablico viene muy mal. Este cay\u00f3 en 7% en el primer bimestre, lo cual implica que el Estado le ha quitado plata al sector privado que no le ha devuelto. De esta manera, mientras el gobierno central aument\u00f3 el gasto en el primer bimestre en 24%, los gobiernos regionales lo redujeron en 44% y los locales, en 72%, con lo cual la inversi\u00f3n p\u00fablica se redujo. Esta situaci\u00f3n tiene un impacto significativo en regiones, en las que s\u00ed es muy relevante. De acuerdo a nuestros estimados indican que esta contracci\u00f3n del gasto p\u00fablico les ha costado dos puntos de crecimiento a las regiones.<\/p>\n<p style=\"text-align: justify;\"><strong>\u00bfCu\u00e1les ser\u00edan las herramientas en el corto plazo que podr\u00eda tener el Ministerio de Econom\u00eda y Finanzas para contrarrestar la ca\u00edda de la inversi\u00f3n?<\/strong><br \/>\nPrimero el gobierno tiene que decidir qu\u00e9 riesgo es peor para la econom\u00eda: el de tener un d\u00e9ficit fiscal o el de continuar con la desaceleraci\u00f3n. En particular, creo que un d\u00e9ficit de hasta 2.5% del PBI, pero reactivando la inversi\u00f3n p\u00fablica; es absolutamente sano y no genera ning\u00fan riesgo.<\/p>\n<p style=\"text-align: justify;\"><strong>\u00bfPor qu\u00e9 el presidente Humala no puede conectarse con el sector privado?<\/strong><br \/>\nEs una t\u00f3nica que se ha dado durante estos cuatro a\u00f1os de gobierno, aun cuando el presidente ha sido muy responsable en temas econ\u00f3micos, con ministros de Econom\u00eda sensatos. Quiz\u00e1 en el fondo no termina de confiar en el sector privado y le est\u00e1 costando entender que el motor de la econom\u00eda es la inversi\u00f3n privada. El propulsor de la econom\u00eda en los \u00faltimos quince a\u00f1os ha sido la inversi\u00f3n privada y sin ella no hay generaci\u00f3n de empleo, no hay aumento de los ingresos, no hay m\u00e1s tributos y no hay desarrollo econ\u00f3mico sostenible. Creo que es evidente que si se revisa la gran inversi\u00f3n en la industria extractiva e infraestructura, es muy poco el compromiso pol\u00edtico por empujar megaproyectos.<\/p>\n<p style=\"text-align: justify;\"><strong>\u00bfQu\u00e9 deber\u00eda mirar el elector para elegir al pr\u00f3ximo presidente desde un punto de vista econ\u00f3mico?<\/strong><br \/>\nCreo que los problemas que el Per\u00fa enfrentar\u00e1 en los pr\u00f3ximos 10 o 15 a\u00f1os, m\u00e1s all\u00e1 de la institucionalidad pol\u00edtica, est\u00e1n vinculados con promover el crecimiento econ\u00f3mico, mejorar la seguridad y desarrollar un Estado al servicio del ciudadano. El pr\u00f3ximo presidente debe respetar la estabilidad macroecon\u00f3mica y enfocarse en el crecimiento. Aqu\u00ed hay tres retos. El primero es que en un Estado disfuncional como el que tenemos, para sacar adelante un megaproyecto se requiere el compromiso pol\u00edtico de la m\u00e1s alta autoridad. El segundo tema es que se necesita eliminar los absurdos tr\u00e1mites burocr\u00e1ticos que incrementan los costos de hacer empresa. Y el tercero es hacer frente a los retos de la inseguridad ciudadana. Eso s\u00ed, el siguiente gobierno debe continuar lo bueno que ha hecho este en salud y educaci\u00f3n, y continuar con programas focalizados para reducir la pobreza.<\/p>\n<p><strong>Fuente:<\/strong> Per\u00fa21<\/p>\n<p><\/p>","protected":false},"excerpt":{"rendered":"<p>Seg\u00fan Gianfranco Castagnola, presidente ejecutivo de APOYO Consultor\u00eda,\u00a0existe un impacto grave en las expectativas de los inversionistas extranjeros por casos como el de T\u00eda Mar\u00eda, quienes podr\u00edan decidir abandonar proyectos en el pa\u00eds y as\u00ed Per\u00fa renunciar\u00eda a varios puntos de crecimiento econ\u00f3mico en los pr\u00f3ximos a\u00f1os. \u00bfC\u00f3mo hace un empresario para incorporar la incertidumbre [&hellip;]<\/p>","protected":false},"author":1,"featured_media":2533,"comment_status":"closed","ping_status":"open","sticky":false,"template":"","format":"standard","meta":{"_acf_changed":false,"footnotes":""},"categories":[12],"tags":[],"class_list":["post-2439","post","type-post","status-publish","format-standard","has-post-thumbnail","hentry","category-noticias-de-apoyo"],"acf":[],"_links":{"self":[{"href":"https:\/\/apoyo.com\/en\/wp-json\/wp\/v2\/posts\/2439","targetHints":{"allow":["GET"]}}],"collection":[{"href":"https:\/\/apoyo.com\/en\/wp-json\/wp\/v2\/posts"}],"about":[{"href":"https:\/\/apoyo.com\/en\/wp-json\/wp\/v2\/types\/post"}],"author":[{"embeddable":true,"href":"https:\/\/apoyo.com\/en\/wp-json\/wp\/v2\/users\/1"}],"replies":[{"embeddable":true,"href":"https:\/\/apoyo.com\/en\/wp-json\/wp\/v2\/comments?post=2439"}],"version-history":[{"count":5,"href":"https:\/\/apoyo.com\/en\/wp-json\/wp\/v2\/posts\/2439\/revisions"}],"predecessor-version":[{"id":2534,"href":"https:\/\/apoyo.com\/en\/wp-json\/wp\/v2\/posts\/2439\/revisions\/2534"}],"wp:featuredmedia":[{"embeddable":true,"href":"https:\/\/apoyo.com\/en\/wp-json\/wp\/v2\/media\/2533"}],"wp:attachment":[{"href":"https:\/\/apoyo.com\/en\/wp-json\/wp\/v2\/media?parent=2439"}],"wp:term":[{"taxonomy":"category","embeddable":true,"href":"https:\/\/apoyo.com\/en\/wp-json\/wp\/v2\/categories?post=2439"},{"taxonomy":"post_tag","embeddable":true,"href":"https:\/\/apoyo.com\/en\/wp-json\/wp\/v2\/tags?post=2439"}],"curies":[{"name":"wp","href":"https:\/\/api.w.org\/{rel}","templated":true}]}}