{"id":2672,"date":"2015-06-23T18:19:55","date_gmt":"2015-06-23T18:19:55","guid":{"rendered":"https:\/\/apoyo.com\/?p=2672"},"modified":"2015-06-23T21:11:46","modified_gmt":"2015-06-23T21:11:46","slug":"entrevista-a-hugo-santa-maria-socio-de-apoyo-consultoria-en-gestion","status":"publish","type":"post","link":"https:\/\/apoyo.com\/en\/entrevista-a-hugo-santa-maria-socio-de-apoyo-consultoria-en-gestion\/","title":{"rendered":"\u201cPanorama del empleo en los pr\u00f3ximos meses lo veo con preocupaci\u00f3n\u201d"},"content":{"rendered":"<p><\/p>\n<p style=\"text-align: justify;\">\u2014Hugo Santa Mar\u00eda, socio de APOYO Consultor\u00eda, sostuvo que hay espacio para \u201csoltar un poquito m\u00e1s\u201d la pol\u00edtica fiscal. Opin\u00f3 que las facultades otorgadas al Gobierno ser\u00e1n positivas para la inversi\u00f3n.<\/p>\n<p style=\"text-align: justify;\"><strong>El jueves, el Congreso otorg\u00f3 facultades al Ejecutivo para legislar en econom\u00eda. \u00bfEso ayudar\u00e1 a reactivar la inversi\u00f3n privada?<\/strong><br \/>\nCreo que s\u00ed puede alentar la inversi\u00f3n. Varias de las ideas incluidas en el pedido buscan mejorar el funcionamiento de distintos frentes:en vivienda; en el de tecnolog\u00eda, para algunas industrias espec\u00edficas; en la participaci\u00f3n privada en la inversi\u00f3n privada en infraestructura, que hacia adelante va a ser, ojal\u00e1, un sistema m\u00e1s \u00e1gil y competitivo. Lo bueno de esto es que est\u00e1n trabajando en cosas que van a significar impactos positivos, no necesariamente ahora, pero s\u00ed m\u00e1s adelante. Creo que el efecto es positivo.<\/p>\n<p style=\"text-align: justify;\"><strong>El empleo asalariado se contrajo en mayo. \u00bfC\u00f3mo ve el panorama para los pr\u00f3ximos meses?\u00a0<\/strong><br \/>\nEl panorama del empleo enlos pr\u00f3ximos meses lo veo con preocupaci\u00f3n. Per\u00fa es un pa\u00eds al que le cuesta mucho generar empleo de calidad por, entre otras razones, la rigid\u00edsima regulaci\u00f3n laboral y por la composici\u00f3n de la econom\u00eda. Un 2% o 3% de crecimiento no va a ser suficiente para que a fin de a\u00f1o registremos un crecimiento robusto del empleo. El pr\u00f3ximo a\u00f1o, cuando el crecimiento comience a mejorar un poquito (y el a\u00f1o 2017 m\u00e1s) deber\u00edamos ver la cifra de empleo recuper\u00e1ndose.<\/p>\n<p style=\"text-align: justify;\"><strong>Las menores tasas de impuestos est\u00e1n afectando la recaudaci\u00f3n este a\u00f1o. \u00bfEso compromete a la pol\u00edtica fiscal?<\/strong><br \/>\nLa situaci\u00f3n fiscal del Gobierno es s\u00f3lida. Efectivamente este a\u00f1o vamos a tener un d\u00e9ficit fiscal que va a ser totalmente manejable. Creo que hubo en los dos a\u00f1os anteriores, e incluso algo en este a\u00f1o, espacio para hacer soltar un poquito m\u00e1s la pol\u00edtica fiscal, en el frente de la inversi\u00f3n p\u00fablica en particular. No tengo muchas preocupaciones ah\u00ed.<\/p>\n<p style=\"text-align: justify;\"><strong><br \/>\nAl primer trimestre, el d\u00e9ficit en cuenta corriente cerr\u00f3 en casi 6% del PBI. \u00bfConsidera que las luces de alerta est\u00e1n encendidas?\u00a0<\/strong><br \/>\nCreo que s\u00ed es definitivamente un riesgo. El nivel es alto y hay que verlo con atenci\u00f3n, pero me parece que, por el momento, no con tanta preocupaci\u00f3n. Otros pa\u00edses, como Chile, que estaban con altos d\u00e9ficits en cuenta corriente, hace muy poco los han podido ajustar m\u00e1s r\u00e1pidamente que nosotros porque tienen un tipo de cambio m\u00e1s flexible. Hay que ver el indicador con atenci\u00f3n. Es un reto, pero si pensamos que el Per\u00fa va a producir 80% m\u00e1s de cobre en los pr\u00f3ximos tres o cuatro a\u00f1os, deber\u00edamos ver nuestras cuentas externas tambi\u00e9n mejorando progresivamente.<\/p>\n<p style=\"text-align: justify;\"><strong>\u00bfLa evoluci\u00f3n del d\u00f3lar podr\u00eda ayudar con ello?<\/strong><br \/>\nEl tipo de cambio se est\u00e1 ajustando a una tendencia global y el Per\u00fa va a seguirla. Entonces, tenemos que estar listos para una mayor depreciaci\u00f3n.<\/p>\n<p style=\"text-align: justify;\"><strong>Autor:<\/strong> Luis Fernando Alegr\u00eda<br \/>\n<strong>Fuente:<\/strong> Diario Gesti\u00f3n<\/p>","protected":false},"excerpt":{"rendered":"<p>\u2014Hugo Santa Mar\u00eda, socio de APOYO Consultor\u00eda, sostuvo que hay espacio para \u201csoltar un poquito m\u00e1s\u201d la pol\u00edtica fiscal. Opin\u00f3 que las facultades otorgadas al Gobierno ser\u00e1n positivas para la inversi\u00f3n. El jueves, el Congreso otorg\u00f3 facultades al Ejecutivo para legislar en econom\u00eda. \u00bfEso ayudar\u00e1 a reactivar la inversi\u00f3n privada? Creo que s\u00ed puede alentar [&hellip;]<\/p>","protected":false},"author":1,"featured_media":2682,"comment_status":"closed","ping_status":"open","sticky":false,"template":"","format":"standard","meta":{"_acf_changed":false,"footnotes":""},"categories":[12],"tags":[],"class_list":["post-2672","post","type-post","status-publish","format-standard","has-post-thumbnail","hentry","category-noticias-de-apoyo"],"acf":[],"_links":{"self":[{"href":"https:\/\/apoyo.com\/en\/wp-json\/wp\/v2\/posts\/2672","targetHints":{"allow":["GET"]}}],"collection":[{"href":"https:\/\/apoyo.com\/en\/wp-json\/wp\/v2\/posts"}],"about":[{"href":"https:\/\/apoyo.com\/en\/wp-json\/wp\/v2\/types\/post"}],"author":[{"embeddable":true,"href":"https:\/\/apoyo.com\/en\/wp-json\/wp\/v2\/users\/1"}],"replies":[{"embeddable":true,"href":"https:\/\/apoyo.com\/en\/wp-json\/wp\/v2\/comments?post=2672"}],"version-history":[{"count":10,"href":"https:\/\/apoyo.com\/en\/wp-json\/wp\/v2\/posts\/2672\/revisions"}],"predecessor-version":[{"id":2685,"href":"https:\/\/apoyo.com\/en\/wp-json\/wp\/v2\/posts\/2672\/revisions\/2685"}],"wp:featuredmedia":[{"embeddable":true,"href":"https:\/\/apoyo.com\/en\/wp-json\/wp\/v2\/media\/2682"}],"wp:attachment":[{"href":"https:\/\/apoyo.com\/en\/wp-json\/wp\/v2\/media?parent=2672"}],"wp:term":[{"taxonomy":"category","embeddable":true,"href":"https:\/\/apoyo.com\/en\/wp-json\/wp\/v2\/categories?post=2672"},{"taxonomy":"post_tag","embeddable":true,"href":"https:\/\/apoyo.com\/en\/wp-json\/wp\/v2\/tags?post=2672"}],"curies":[{"name":"wp","href":"https:\/\/api.w.org\/{rel}","templated":true}]}}