{"id":4265,"date":"2023-07-05T16:25:43","date_gmt":"2023-07-05T16:25:43","guid":{"rendered":"https:\/\/apoyo.com\/?p=4265"},"modified":"2023-09-05T17:27:28","modified_gmt":"2023-09-05T17:27:28","slug":"mineria-y-comunicacion-combatamos-los-mitos-que-aquejan-al-sector","status":"publish","type":"post","link":"https:\/\/apoyo.com\/en\/mineria-y-comunicacion-combatamos-los-mitos-que-aquejan-al-sector\/","title":{"rendered":"Miner\u00eda y comunicaci\u00f3n: combatamos los mitos que aquejan al sector"},"content":{"rendered":"<p>Germ\u00e1n Andr\u00e9s Montes Caballero, coordinador de proyectos de APOYO Comunicaci\u00f3n, comparte un an\u00e1lisis sobre la miner\u00eda, una de las principales industrias del pa\u00eds, ya que genera sinergias con otras actividades econ\u00f3micas fomentando el empleo. En su art\u00edculo nos indica \u200bque a\u00fan en la actualidad la actividad minera no est\u00e1 libre de cuestionamientos y mitos asociados a pr\u00e1cticas irresponsables que no corresponden a la miner\u00eda formal. Ante esta situaci\u00f3n, los comunicadores desempe\u00f1an un papel fundamental para desmentir los mitos utilizando informaci\u00f3n verificable y confiable.<br \/>\nPara leer la nota completa hacer click <a href=\"https:\/\/www.apoyocomunicacion.com\/update\/mineria-y-comunicacion-combatamos-los-mitos-que-aquejan-al-sector\/\" rel=\"noopener\" target=\"_blank\">aqu\u00ed<\/a>.<\/p>\n","protected":false},"excerpt":{"rendered":"<p>Germ\u00e1n Andr\u00e9s Montes Caballero, coordinador de proyectos de APOYO Comunicaci\u00f3n, comparte un an\u00e1lisis sobre la miner\u00eda, una de las principales industrias del pa\u00eds, ya que genera sinergias con otras actividades econ\u00f3micas fomentando el empleo. En su art\u00edculo nos indica \u200bque a\u00fan en la actualidad la actividad minera no est\u00e1 libre de cuestionamientos y mitos asociados [&hellip;]<\/p>","protected":false},"author":1,"featured_media":2216,"comment_status":"closed","ping_status":"open","sticky":false,"template":"","format":"standard","meta":{"_acf_changed":false,"footnotes":""},"categories":[11],"tags":[],"class_list":["post-4265","post","type-post","status-publish","format-standard","has-post-thumbnail","hentry","category-articulos-de-nuestros-especialistas"],"acf":[],"_links":{"self":[{"href":"https:\/\/apoyo.com\/en\/wp-json\/wp\/v2\/posts\/4265","targetHints":{"allow":["GET"]}}],"collection":[{"href":"https:\/\/apoyo.com\/en\/wp-json\/wp\/v2\/posts"}],"about":[{"href":"https:\/\/apoyo.com\/en\/wp-json\/wp\/v2\/types\/post"}],"author":[{"embeddable":true,"href":"https:\/\/apoyo.com\/en\/wp-json\/wp\/v2\/users\/1"}],"replies":[{"embeddable":true,"href":"https:\/\/apoyo.com\/en\/wp-json\/wp\/v2\/comments?post=4265"}],"version-history":[{"count":2,"href":"https:\/\/apoyo.com\/en\/wp-json\/wp\/v2\/posts\/4265\/revisions"}],"predecessor-version":[{"id":4271,"href":"https:\/\/apoyo.com\/en\/wp-json\/wp\/v2\/posts\/4265\/revisions\/4271"}],"wp:featuredmedia":[{"embeddable":true,"href":"https:\/\/apoyo.com\/en\/wp-json\/wp\/v2\/media\/2216"}],"wp:attachment":[{"href":"https:\/\/apoyo.com\/en\/wp-json\/wp\/v2\/media?parent=4265"}],"wp:term":[{"taxonomy":"category","embeddable":true,"href":"https:\/\/apoyo.com\/en\/wp-json\/wp\/v2\/categories?post=4265"},{"taxonomy":"post_tag","embeddable":true,"href":"https:\/\/apoyo.com\/en\/wp-json\/wp\/v2\/tags?post=4265"}],"curies":[{"name":"wp","href":"https:\/\/api.w.org\/{rel}","templated":true}]}}