{"id":4281,"date":"2023-09-04T16:09:24","date_gmt":"2023-09-04T16:09:24","guid":{"rendered":"https:\/\/apoyo.com\/?p=4281"},"modified":"2023-10-23T16:28:38","modified_gmt":"2023-10-23T16:28:38","slug":"mundial-de-futbol-femenino-de-la-celebracion-a-la-indignacion","status":"publish","type":"post","link":"https:\/\/apoyo.com\/en\/mundial-de-futbol-femenino-de-la-celebracion-a-la-indignacion\/","title":{"rendered":"Mundial de F\u00fatbol Femenino: De la celebraci\u00f3n a la indignaci\u00f3n"},"content":{"rendered":"<p>Marcelo Noblecilla, Consultor Senior de Inteligencia de Datos, Maria Jose Pe\u00f1a, Coordinadora de Proyectos Digitales, y Micaela Pardo, Consultora de Proyectos Digitales, con motivo del reciente Mundial de F\u00fatbol Femenino, hicieron un an\u00e1lisis sobre la cobertura medi\u00e1tica del mismo, compar\u00e1ndolo con la cobertura del mundial masculino y el impacto que tambi\u00e9n genera este deporte en nuestro pa\u00eds y en las jugadoras peruanas.<br \/>\nPara leer el art\u00edculo completo hacer click <a href=\"https:\/\/www.apoyocomunicacion.com\/repo\/mundial_femenino_2023.pdf\" rel=\"noopener\" target=\"_blank\">aqu\u00ed<\/a>.<\/p>\n","protected":false},"excerpt":{"rendered":"<p>Marcelo Noblecilla, Consultor Senior de Inteligencia de Datos, Maria Jose Pe\u00f1a, Coordinadora de Proyectos Digitales, y Micaela Pardo, Consultora de Proyectos Digitales, con motivo del reciente Mundial de F\u00fatbol Femenino, hicieron un an\u00e1lisis sobre la cobertura medi\u00e1tica del mismo, compar\u00e1ndolo con la cobertura del mundial masculino y el impacto que tambi\u00e9n genera este deporte en [&hellip;]<\/p>","protected":false},"author":1,"featured_media":4282,"comment_status":"closed","ping_status":"open","sticky":false,"template":"","format":"standard","meta":{"_acf_changed":false,"footnotes":""},"categories":[11],"tags":[],"class_list":["post-4281","post","type-post","status-publish","format-standard","has-post-thumbnail","hentry","category-articulos-de-nuestros-especialistas"],"acf":[],"_links":{"self":[{"href":"https:\/\/apoyo.com\/en\/wp-json\/wp\/v2\/posts\/4281","targetHints":{"allow":["GET"]}}],"collection":[{"href":"https:\/\/apoyo.com\/en\/wp-json\/wp\/v2\/posts"}],"about":[{"href":"https:\/\/apoyo.com\/en\/wp-json\/wp\/v2\/types\/post"}],"author":[{"embeddable":true,"href":"https:\/\/apoyo.com\/en\/wp-json\/wp\/v2\/users\/1"}],"replies":[{"embeddable":true,"href":"https:\/\/apoyo.com\/en\/wp-json\/wp\/v2\/comments?post=4281"}],"version-history":[{"count":1,"href":"https:\/\/apoyo.com\/en\/wp-json\/wp\/v2\/posts\/4281\/revisions"}],"predecessor-version":[{"id":4283,"href":"https:\/\/apoyo.com\/en\/wp-json\/wp\/v2\/posts\/4281\/revisions\/4283"}],"wp:featuredmedia":[{"embeddable":true,"href":"https:\/\/apoyo.com\/en\/wp-json\/wp\/v2\/media\/4282"}],"wp:attachment":[{"href":"https:\/\/apoyo.com\/en\/wp-json\/wp\/v2\/media?parent=4281"}],"wp:term":[{"taxonomy":"category","embeddable":true,"href":"https:\/\/apoyo.com\/en\/wp-json\/wp\/v2\/categories?post=4281"},{"taxonomy":"post_tag","embeddable":true,"href":"https:\/\/apoyo.com\/en\/wp-json\/wp\/v2\/tags?post=4281"}],"curies":[{"name":"wp","href":"https:\/\/api.w.org\/{rel}","templated":true}]}}