{"id":4443,"date":"2024-09-30T16:30:08","date_gmt":"2024-09-30T16:30:08","guid":{"rendered":"https:\/\/apoyo.com\/?p=4443"},"modified":"2024-10-09T18:04:39","modified_gmt":"2024-10-09T18:04:39","slug":"aumento-del-deterioro-fiscal","status":"publish","type":"post","link":"https:\/\/apoyo.com\/en\/aumento-del-deterioro-fiscal\/","title":{"rendered":"Aumento del deterioro fiscal"},"content":{"rendered":"<p>APOYO Consultor\u00eda, alerta sobre el riesgo de perder el grado de inversi\u00f3n de nuestro pa\u00eds en el mediano plazo. Luego de d\u00e9cadas de manejo fiscal responsable, el deterioro de las cuentas p\u00fablicas en los \u00faltimos tres a\u00f1os ha venido gatillando reducciones consecutivas a la calificaci\u00f3n crediticia de la deuda p\u00fablica peruana. Indican que es fundamental que el Gobierno retome un manejo prudente de las cuentas fiscales.<br \/>\nPara leer el an\u00e1lisis completo hacer click <a href=\"https:\/\/apoyo.com\/wp-content\/uploads\/2024\/10\/Deterioro_fiscal_AC_9_10_24.pdf\" target=\"_blank\" rel=\"noopener\">aqu\u00ed<\/a>.<\/p>\n","protected":false},"excerpt":{"rendered":"<p>APOYO Consultor\u00eda, alerta sobre el riesgo de perder el grado de inversi\u00f3n de nuestro pa\u00eds en el mediano plazo. Luego de d\u00e9cadas de manejo fiscal responsable, el deterioro de las cuentas p\u00fablicas en los \u00faltimos tres a\u00f1os ha venido gatillando reducciones consecutivas a la calificaci\u00f3n crediticia de la deuda p\u00fablica peruana. Indican que es fundamental [&hellip;]<\/p>","protected":false},"author":1,"featured_media":2149,"comment_status":"closed","ping_status":"open","sticky":false,"template":"","format":"standard","meta":{"_acf_changed":false,"footnotes":""},"categories":[11],"tags":[],"class_list":["post-4443","post","type-post","status-publish","format-standard","has-post-thumbnail","hentry","category-articulos-de-nuestros-especialistas"],"acf":[],"_links":{"self":[{"href":"https:\/\/apoyo.com\/en\/wp-json\/wp\/v2\/posts\/4443","targetHints":{"allow":["GET"]}}],"collection":[{"href":"https:\/\/apoyo.com\/en\/wp-json\/wp\/v2\/posts"}],"about":[{"href":"https:\/\/apoyo.com\/en\/wp-json\/wp\/v2\/types\/post"}],"author":[{"embeddable":true,"href":"https:\/\/apoyo.com\/en\/wp-json\/wp\/v2\/users\/1"}],"replies":[{"embeddable":true,"href":"https:\/\/apoyo.com\/en\/wp-json\/wp\/v2\/comments?post=4443"}],"version-history":[{"count":1,"href":"https:\/\/apoyo.com\/en\/wp-json\/wp\/v2\/posts\/4443\/revisions"}],"predecessor-version":[{"id":4445,"href":"https:\/\/apoyo.com\/en\/wp-json\/wp\/v2\/posts\/4443\/revisions\/4445"}],"wp:featuredmedia":[{"embeddable":true,"href":"https:\/\/apoyo.com\/en\/wp-json\/wp\/v2\/media\/2149"}],"wp:attachment":[{"href":"https:\/\/apoyo.com\/en\/wp-json\/wp\/v2\/media?parent=4443"}],"wp:term":[{"taxonomy":"category","embeddable":true,"href":"https:\/\/apoyo.com\/en\/wp-json\/wp\/v2\/categories?post=4443"},{"taxonomy":"post_tag","embeddable":true,"href":"https:\/\/apoyo.com\/en\/wp-json\/wp\/v2\/tags?post=4443"}],"curies":[{"name":"wp","href":"https:\/\/api.w.org\/{rel}","templated":true}]}}