{"id":4466,"date":"2024-11-16T17:14:55","date_gmt":"2024-11-16T17:14:55","guid":{"rendered":"https:\/\/apoyo.com\/?p=4466"},"modified":"2024-12-03T17:29:58","modified_gmt":"2024-12-03T17:29:58","slug":"brecha-entre-acciones-y-resultados-en-el-peru","status":"publish","type":"post","link":"https:\/\/apoyo.com\/en\/brecha-entre-acciones-y-resultados-en-el-peru\/","title":{"rendered":"Brecha entre acciones y resultados en el Per\u00fa"},"content":{"rendered":"<p>C\u00e9sar Vieira, director de Insights y Estrategia de APOYO Comunicaci\u00f3n, en colaboraci\u00f3n con Per\u00fa Sostenible y L+1: L\u00edderes Impulsando un Desarrollo Sostenible, Dar\u00edo D\u00edaz, director de Sostenibilidad y Emil Caillaux, vocero de L+1 realizaron un estudio sobre la brecha entre las acciones y los resultados en el Per\u00fa. Este an\u00e1lisis destaca hallazgos clave sobre c\u00f3mo las grandes empresas en Per\u00fa est\u00e1n integrando la sostenibilidad en sus estrategias y cu\u00e1les son los desaf\u00edos que enfrentan.<br \/>\nPara conocer m\u00e1s sobre el estudio hacer click <a href=\"https:\/\/apoyo.com\/wp-content\/uploads\/2024\/12\/ACOM_Brecha_empresas_10_2024.pdf\" target=\"_blank\" rel=\"noopener\">aqu\u00ed<\/a>.<\/p>\n","protected":false},"excerpt":{"rendered":"<p>C\u00e9sar Vieira, director de Insights y Estrategia de APOYO Comunicaci\u00f3n, en colaboraci\u00f3n con Per\u00fa Sostenible y L+1: L\u00edderes Impulsando un Desarrollo Sostenible, Dar\u00edo D\u00edaz, director de Sostenibilidad y Emil Caillaux, vocero de L+1 realizaron un estudio sobre la brecha entre las acciones y los resultados en el Per\u00fa. Este an\u00e1lisis destaca hallazgos clave sobre c\u00f3mo [&hellip;]<\/p>","protected":false},"author":1,"featured_media":3163,"comment_status":"closed","ping_status":"open","sticky":false,"template":"","format":"standard","meta":{"_acf_changed":false,"footnotes":""},"categories":[11],"tags":[],"class_list":["post-4466","post","type-post","status-publish","format-standard","has-post-thumbnail","hentry","category-articulos-de-nuestros-especialistas"],"acf":[],"_links":{"self":[{"href":"https:\/\/apoyo.com\/en\/wp-json\/wp\/v2\/posts\/4466","targetHints":{"allow":["GET"]}}],"collection":[{"href":"https:\/\/apoyo.com\/en\/wp-json\/wp\/v2\/posts"}],"about":[{"href":"https:\/\/apoyo.com\/en\/wp-json\/wp\/v2\/types\/post"}],"author":[{"embeddable":true,"href":"https:\/\/apoyo.com\/en\/wp-json\/wp\/v2\/users\/1"}],"replies":[{"embeddable":true,"href":"https:\/\/apoyo.com\/en\/wp-json\/wp\/v2\/comments?post=4466"}],"version-history":[{"count":1,"href":"https:\/\/apoyo.com\/en\/wp-json\/wp\/v2\/posts\/4466\/revisions"}],"predecessor-version":[{"id":4468,"href":"https:\/\/apoyo.com\/en\/wp-json\/wp\/v2\/posts\/4466\/revisions\/4468"}],"wp:featuredmedia":[{"embeddable":true,"href":"https:\/\/apoyo.com\/en\/wp-json\/wp\/v2\/media\/3163"}],"wp:attachment":[{"href":"https:\/\/apoyo.com\/en\/wp-json\/wp\/v2\/media?parent=4466"}],"wp:term":[{"taxonomy":"category","embeddable":true,"href":"https:\/\/apoyo.com\/en\/wp-json\/wp\/v2\/categories?post=4466"},{"taxonomy":"post_tag","embeddable":true,"href":"https:\/\/apoyo.com\/en\/wp-json\/wp\/v2\/tags?post=4466"}],"curies":[{"name":"wp","href":"https:\/\/api.w.org\/{rel}","templated":true}]}}