{"id":4469,"date":"2024-11-28T17:31:07","date_gmt":"2024-11-28T17:31:07","guid":{"rendered":"https:\/\/apoyo.com\/?p=4469"},"modified":"2024-12-03T18:02:11","modified_gmt":"2024-12-03T18:02:11","slug":"propuestas-para-romper-ciclo-de-violencia-contra-la-mujer","status":"publish","type":"post","link":"https:\/\/apoyo.com\/en\/propuestas-para-romper-ciclo-de-violencia-contra-la-mujer\/","title":{"rendered":"Propuestas para romper ciclo de violencia contra la mujer"},"content":{"rendered":"<p>APOYO Consultor\u00eda, debido a las alarmantes cifras de violencia contra la mujer en el Per\u00fa, que ubican a nuestro pa\u00eds como el segundo con mayor prevalencia de violencia de g\u00e9nero en Latinoam\u00e9rica seg\u00fan la OMS, proponen diversas pol\u00edticas basadas en evidencia para reducir estos \u00edndices. En su an\u00e1lisis indican que es crucial priorizar la evaluaci\u00f3n de las intervenciones actuales, combatir la normalizaci\u00f3n de la violencia en la sociedad y promover la concientizaci\u00f3n desde la infancia.<br \/>\nPara leer el an\u00e1lisis completo hacer click <a href=\"https:\/\/apoyo.com\/wp-content\/uploads\/2024\/12\/AC_Propuestas_mujer_10_2024.pdf\" target=\"_blank\" rel=\"noopener\">aqu\u00ed<\/a>.<\/p>\n","protected":false},"excerpt":{"rendered":"<p>APOYO Consultor\u00eda, debido a las alarmantes cifras de violencia contra la mujer en el Per\u00fa, que ubican a nuestro pa\u00eds como el segundo con mayor prevalencia de violencia de g\u00e9nero en Latinoam\u00e9rica seg\u00fan la OMS, proponen diversas pol\u00edticas basadas en evidencia para reducir estos \u00edndices. En su an\u00e1lisis indican que es crucial priorizar la evaluaci\u00f3n [&hellip;]<\/p>","protected":false},"author":1,"featured_media":4472,"comment_status":"closed","ping_status":"open","sticky":false,"template":"","format":"standard","meta":{"_acf_changed":false,"footnotes":""},"categories":[11],"tags":[],"class_list":["post-4469","post","type-post","status-publish","format-standard","has-post-thumbnail","hentry","category-articulos-de-nuestros-especialistas"],"acf":[],"_links":{"self":[{"href":"https:\/\/apoyo.com\/en\/wp-json\/wp\/v2\/posts\/4469","targetHints":{"allow":["GET"]}}],"collection":[{"href":"https:\/\/apoyo.com\/en\/wp-json\/wp\/v2\/posts"}],"about":[{"href":"https:\/\/apoyo.com\/en\/wp-json\/wp\/v2\/types\/post"}],"author":[{"embeddable":true,"href":"https:\/\/apoyo.com\/en\/wp-json\/wp\/v2\/users\/1"}],"replies":[{"embeddable":true,"href":"https:\/\/apoyo.com\/en\/wp-json\/wp\/v2\/comments?post=4469"}],"version-history":[{"count":1,"href":"https:\/\/apoyo.com\/en\/wp-json\/wp\/v2\/posts\/4469\/revisions"}],"predecessor-version":[{"id":4470,"href":"https:\/\/apoyo.com\/en\/wp-json\/wp\/v2\/posts\/4469\/revisions\/4470"}],"wp:featuredmedia":[{"embeddable":true,"href":"https:\/\/apoyo.com\/en\/wp-json\/wp\/v2\/media\/4472"}],"wp:attachment":[{"href":"https:\/\/apoyo.com\/en\/wp-json\/wp\/v2\/media?parent=4469"}],"wp:term":[{"taxonomy":"category","embeddable":true,"href":"https:\/\/apoyo.com\/en\/wp-json\/wp\/v2\/categories?post=4469"},{"taxonomy":"post_tag","embeddable":true,"href":"https:\/\/apoyo.com\/en\/wp-json\/wp\/v2\/tags?post=4469"}],"curies":[{"name":"wp","href":"https:\/\/api.w.org\/{rel}","templated":true}]}}