{"id":4703,"date":"2026-08-03T16:55:51","date_gmt":"2026-08-03T16:55:51","guid":{"rendered":"https:\/\/apoyo.com\/?p=4703"},"modified":"2026-09-03T17:12:54","modified_gmt":"2026-09-03T17:12:54","slug":"las-tareas-tras-llegada-de-fujimori-al-poder","status":"publish","type":"post","link":"https:\/\/apoyo.com\/en\/las-tareas-tras-llegada-de-fujimori-al-poder\/","title":{"rendered":"Las tareas tras llegada de Fujimori al poder"},"content":{"rendered":"<p>Jos\u00e9 Carlos Saavedra, socio y economista principal de APOYO Consultor\u00eda, comenta en una entrevista con el diario Gesti\u00f3n sobre la reciente encuesta a las familias sobre la situaci\u00f3n del pa\u00eds y de s\u00ed mismas. En su an\u00e1lisis, Jose Carlos aborda las expectativas y preocupaciones de los hogares tras la elecci\u00f3n de Keiko Fujimori y nos habla del desfase entre la confianza empresarial y la incertidumbre de los hogares, con reformas estructurales y gesti\u00f3n de riesgos como tareas urgentes para el nuevo gobierno.<br \/>\nPara leer la entrevista completa hacer click <a href=\"https:\/\/www.apoyoconsultoria.com\/es\/estas-son-las-preocupaciones-para-los-hogares-las-tareas-tras-llegada-de-fujimori-al-poder\/\" target=\"_blank\" rel=\"noopener\">aqu\u00ed<\/a>.<\/p>\n","protected":false},"excerpt":{"rendered":"<p>Jos\u00e9 Carlos Saavedra, socio y economista principal de APOYO Consultor\u00eda, comenta en una entrevista con el diario Gesti\u00f3n sobre la reciente encuesta a las familias sobre la situaci\u00f3n del pa\u00eds y de s\u00ed mismas. En su an\u00e1lisis, Jose Carlos aborda las expectativas y preocupaciones de los hogares tras la elecci\u00f3n de Keiko Fujimori y nos [&hellip;]<\/p>","protected":false},"author":1,"featured_media":2188,"comment_status":"closed","ping_status":"open","sticky":false,"template":"","format":"standard","meta":{"_acf_changed":false,"footnotes":""},"categories":[11],"tags":[],"class_list":["post-4703","post","type-post","status-publish","format-standard","has-post-thumbnail","hentry","category-articulos-de-nuestros-especialistas"],"acf":[],"_links":{"self":[{"href":"https:\/\/apoyo.com\/en\/wp-json\/wp\/v2\/posts\/4703","targetHints":{"allow":["GET"]}}],"collection":[{"href":"https:\/\/apoyo.com\/en\/wp-json\/wp\/v2\/posts"}],"about":[{"href":"https:\/\/apoyo.com\/en\/wp-json\/wp\/v2\/types\/post"}],"author":[{"embeddable":true,"href":"https:\/\/apoyo.com\/en\/wp-json\/wp\/v2\/users\/1"}],"replies":[{"embeddable":true,"href":"https:\/\/apoyo.com\/en\/wp-json\/wp\/v2\/comments?post=4703"}],"version-history":[{"count":2,"href":"https:\/\/apoyo.com\/en\/wp-json\/wp\/v2\/posts\/4703\/revisions"}],"predecessor-version":[{"id":4706,"href":"https:\/\/apoyo.com\/en\/wp-json\/wp\/v2\/posts\/4703\/revisions\/4706"}],"wp:featuredmedia":[{"embeddable":true,"href":"https:\/\/apoyo.com\/en\/wp-json\/wp\/v2\/media\/2188"}],"wp:attachment":[{"href":"https:\/\/apoyo.com\/en\/wp-json\/wp\/v2\/media?parent=4703"}],"wp:term":[{"taxonomy":"category","embeddable":true,"href":"https:\/\/apoyo.com\/en\/wp-json\/wp\/v2\/categories?post=4703"},{"taxonomy":"post_tag","embeddable":true,"href":"https:\/\/apoyo.com\/en\/wp-json\/wp\/v2\/tags?post=4703"}],"curies":[{"name":"wp","href":"https:\/\/api.w.org\/{rel}","templated":true}]}}